{"id":483,"date":"2019-11-07T16:13:11","date_gmt":"2019-11-07T15:13:11","guid":{"rendered":"https:\/\/3tindustry40.eu\/?p=483"},"modified":"2020-01-13T16:15:14","modified_gmt":"2020-01-13T15:15:14","slug":"french-article-un-projet-europeen-pour-former-enseignants-et-formateurs-sur-lindustrie-du-futur","status":"publish","type":"post","link":"https:\/\/3tindustry40.eu\/index.php\/2019\/11\/07\/french-article-un-projet-europeen-pour-former-enseignants-et-formateurs-sur-lindustrie-du-futur\/","title":{"rendered":"FRENCH ARTICLE : UN PROJET EUROPEEN POUR FORMER ENSEIGNANTS ET FORMATEURS SUR L\u2019INDUSTRIE DU FUTUR"},"content":{"rendered":"\n<center><h4 class=\"tit_art\"> DECAZEVILLE (FRANCE)<\/h4><\/center>\n\n\n\n<div class=\"wp-block-image\"><figure class=\"aligncenter\"><img loading=\"lazy\" width=\"300\" height=\"228\" src=\"https:\/\/3tindustry40.eu\/wp-content\/uploads\/2019\/12\/art2-e1578928071124.jpg\" alt=\"\" class=\"wp-image-447\"\/><\/figure><\/div>\n\n\n\n<p><\/p>\n\n\n\n<p>09 octobre 2019 &#8211; By Catherine STERN in Centre Inffo &#8211; <a href=\"https:\/\/www.centre-inffo.fr\/site-centre-inffo\/actualites-centre-inffo\/le-quotidien-de-la-formation\/articles-2019\/un-projet-europeen-pour-former-enseignants-et-formateurs-sur-lindustrie-du-futur\">https:\/\/www.centre-inffo.fr\/site-centre-inffo\/actualites-centre-inffo\/le-quotidien-de-la-formation\/articles-2019\/un-projet-europeen-pour-former-enseignants-et-formateurs-sur-lindustrie-du-futur<\/a><\/p>\n\n\n\n<p><strong>3TIndustry4.0 est un projet europ\u00e9en r\u00e9cemment\nlanc\u00e9 dans l\u2019Aveyron pour faciliter le transfert de comp\u00e9tences entre\nenseignants et formateurs sur l\u2019Industrie du Futur. Financ\u00e9 dans le cadre\nd\u2019Erasmus+, initi\u00e9 et pilot\u00e9 par la Mecanic Vall\u00e9e, il associe 5 partenaires en\nAllemagne, Espagne et France.<\/strong><\/p>\n\n\n\n<p><em>&nbsp;&nbsp;&nbsp;&nbsp;&nbsp;&nbsp;&nbsp;&nbsp;&nbsp;&nbsp;&nbsp;&nbsp;&nbsp;&nbsp;&nbsp; \u00ab\nAvec ce projet 3TIndustry4.0, nous nous adressons directement aux enseignants\net aux formateurs en entreprise pour leur permettre d\u2019acqu\u00e9rir des outils pour\nmieux appr\u00e9hender l\u2019industrie du futur. Et les transmettre, avec une mont\u00e9e en\ncomp\u00e9tences permanente \u00bb, <\/em>explique Camille Esquerr\u00e9, charg\u00e9e demission sur les projets europ\u00e9ens \u00e0 la Mecanic Vall\u00e9e, un cluster d\u00e9di\u00e9 aux\nactivit\u00e9s m\u00e9caniques(a\u00e9ronautique, automobile, machine-outil, m\u00e9canique\nde pr\u00e9cision\u2026) avec de gros besoins en recrutementsur les d\u00e9partements\nde l\u2019Aveyron, du Lot, de la Haute-Vienne, de la Corr\u00e8ze et de la Dordogne.<\/p>\n\n\n\n<p style=\"color:#5a6167\" class=\"has-text-color\"><strong>Modules de formation et r\u00e9seau de coop\u00e9ration<\/strong><\/p>\n\n\n\n<p>&nbsp;&nbsp;&nbsp;&nbsp;&nbsp;&nbsp;&nbsp;&nbsp;&nbsp;&nbsp;&nbsp;&nbsp;&nbsp;&nbsp;&nbsp; D\u00e9pos\u00e9e\nen mars, la candidature au programme Erasmus + initi\u00e9e par la Mecanic Vall\u00e9e,\nassociant le cluster Caar et le centre technologique Aitiip (Espagne),\nl\u2019Universit\u00e9 technique de Braunschweig (Allemagne) et le Campus des m\u00e9tiers et\ndes qualifications Industrie du Futur <\/p>\n\n\n\n<p>(regroupant\nquatre lyc\u00e9es professionnels en Occitanie), a \u00e9t\u00e9 valid\u00e9e en juillet. La\npremi\u00e8re rencontre des partenaires s\u2019est tenue les 4 et 5 septembre \u00e0 Decazeville\npour coordonner les activit\u00e9s qui se poursuivront sur deux ans \u00e0 distance.\nL\u2019Union europ\u00e9enne apporte un financement de 161 000 euros.<\/p>\n\n\n\n<p>Le\ncoeur du projet 3TIndustry4.0 est la cr\u00e9ation de modules de formation aux\ntechnologies de l\u2019Industrie du Futur \u00e0 destination des enseignants et\nformateurs en entreprise, et la mise en place d\u2019un r\u00e9seau europ\u00e9en de coop\u00e9ration.\n<em>\u00ab Chaque partenaire mettra en place un r\u00e9seau de professionnels qui cr\u00e9eront\ndes contenus et<\/em> <em>assisteront aux formations, <\/em>explique Camille\nEsquerr\u00e9. <em>Un professionnel pr\u00e9sentera une technologie sous<\/em> <em>forme de\ncas pratique avec des apports th\u00e9oriques. La vid\u00e9o sera retransmise en ligne \u00e0\nd\u2019autres<\/em> <em>professionnels qui pourront interagir en temps r\u00e9el. <\/em>\u00bb<\/p>\n\n\n\n<p style=\"color:#626567\" class=\"has-text-color\"><strong>Deuxi\u00e8me programme Erasmus +<\/strong><\/p>\n\n\n\n<p>&nbsp;&nbsp;&nbsp;&nbsp;&nbsp;&nbsp;&nbsp;&nbsp;&nbsp;&nbsp;&nbsp;&nbsp;&nbsp;&nbsp;&nbsp; Ces vid\u00e9os viendront ensuite alimenter une base de donn\u00e9es sur l\u2019industrie 4.0 accessible gratuitement sur une plateforme cr\u00e9\u00e9e dans le cadre du projet. Les modules seront utilisables par les enseignants dans le cadre de leur cours et certains d\u2019entre eux seront aussi adapt\u00e9s \u00e0 des \u00e9l\u00e8ves de la fili\u00e8re professionnelle. Plusieurs classes pourront \u00e9galement assister \u00e0 certaines pr\u00e9sentations en anglais. <\/p>\n\n\n\n<p>Ce projet fait suite au projet europ\u00e9en Cardemy, financ\u00e9 dans le cadre d\u2019Erasmus + et initi\u00e9 par les partenaires espagnols. De 2016 \u00e0 2018, Cardemy a permis \u00e0 cinq partenaires (clusters et organismes deformation) de quatre pays (Allemagne, Espagne, France et R\u00e9publique Tch\u00e8que) de cr\u00e9er des modulesd\u2019information en plusieurs langues sur des th\u00e9matiques de l\u2019Industrie du Futur (<em>cloud<\/em>, <em>big data<\/em>, cybers\u00e9curit\u00e9, impression 3D, maintenance pr\u00e9visionnelle, r\u00e9alit\u00e9 augment\u00e9e, appareils intelligents, <em>cobots<\/em>, <em>bin picking, drones). Ces modules sont aujourd\u2019hui accessibles gratuitement sur <a href=\"http:\/\/www.cardemy.eu\">cardemy.eu<\/a>.<\/em><\/p>\n\n\n\n<p><\/p>\n","protected":false},"excerpt":{"rendered":"<p>DECAZEVILLE (FRANCE) 09 octobre 2019 &#8211; By Catherine STERN in Centre Inffo &#8211; https:\/\/www.centre-inffo.fr\/site-centre-inffo\/actualites-centre-inffo\/le-quotidien-de-la-formation\/articles-2019\/un-projet-europeen-pour-former-enseignants-et-formateurs-sur-lindustrie-du-futur 3TIndustry4.0 est un projet europ\u00e9en r\u00e9cemment lanc\u00e9 dans l\u2019Aveyron pour faciliter le transfert de comp\u00e9tences entre &#8230;<\/p>\n","protected":false},"author":2,"featured_media":447,"comment_status":"closed","ping_status":"closed","sticky":false,"template":"","format":"standard","meta":{"spay_email":""},"categories":[3],"tags":[],"jetpack_featured_media_url":"https:\/\/3tindustry40.eu\/wp-content\/uploads\/2019\/12\/art2-e1578928071124.jpg","_links":{"self":[{"href":"https:\/\/3tindustry40.eu\/index.php\/wp-json\/wp\/v2\/posts\/483"}],"collection":[{"href":"https:\/\/3tindustry40.eu\/index.php\/wp-json\/wp\/v2\/posts"}],"about":[{"href":"https:\/\/3tindustry40.eu\/index.php\/wp-json\/wp\/v2\/types\/post"}],"author":[{"embeddable":true,"href":"https:\/\/3tindustry40.eu\/index.php\/wp-json\/wp\/v2\/users\/2"}],"replies":[{"embeddable":true,"href":"https:\/\/3tindustry40.eu\/index.php\/wp-json\/wp\/v2\/comments?post=483"}],"version-history":[{"count":3,"href":"https:\/\/3tindustry40.eu\/index.php\/wp-json\/wp\/v2\/posts\/483\/revisions"}],"predecessor-version":[{"id":486,"href":"https:\/\/3tindustry40.eu\/index.php\/wp-json\/wp\/v2\/posts\/483\/revisions\/486"}],"wp:featuredmedia":[{"embeddable":true,"href":"https:\/\/3tindustry40.eu\/index.php\/wp-json\/wp\/v2\/media\/447"}],"wp:attachment":[{"href":"https:\/\/3tindustry40.eu\/index.php\/wp-json\/wp\/v2\/media?parent=483"}],"wp:term":[{"taxonomy":"category","embeddable":true,"href":"https:\/\/3tindustry40.eu\/index.php\/wp-json\/wp\/v2\/categories?post=483"},{"taxonomy":"post_tag","embeddable":true,"href":"https:\/\/3tindustry40.eu\/index.php\/wp-json\/wp\/v2\/tags?post=483"}],"curies":[{"name":"wp","href":"https:\/\/api.w.org\/{rel}","templated":true}]}}